{"id":582,"date":"2025-06-04T22:58:13","date_gmt":"2025-06-04T20:58:13","guid":{"rendered":"https:\/\/stiftung-medienundonlinesucht.de\/aktuelles\/?p=582"},"modified":"2025-06-08T19:53:04","modified_gmt":"2025-06-08T17:53:04","slug":"artikel-landeszeitung-lueneburg-03-06-2025","status":"publish","type":"post","link":"https:\/\/stiftung-medienundonlinesucht.de\/aktuelles\/2025\/06\/04\/artikel-landeszeitung-lueneburg-03-06-2025\/","title":{"rendered":"Ist ein Handyverbot an Grundschulen sinnvoll?"},"content":{"rendered":"<p><a href=\"https:\/\/www.landeszeitung.de\/lokales\/lueneburg-lk\/lueneburg-diskutiert-handyverbot-an-grundschulen-zwischen-fuersorge-kontrolle-und-chaos-KQB6ODESXFCCBIJTSXJNIZBEIA.html?outputType=valid_amp\"><strong>Arnhild Zorr-Werner als Vorstand der Stiftung Medien und Onlinesucht nimmt Stellung.<\/strong><\/a><\/p>\n<p><strong>Ein Smartphone-Verbot ist f\u00fcr uns kein Verbot, sondern Ausdruck von F\u00fcrsorglichkeit.<\/strong><\/p>\n<p class=\"p1\">Keine einzige Studie der Welt belegt einen positiven Effekt der Smartphone Nutzung von Kindern.<\/p>\n<p class=\"p1\">Kinder kommen mit einem tiefen Bed\u00fcrfnis nach Bindung, Sicherheit und liebevoll gesetzten Grenzen in die Schule, sie suchen Orientierung, Beziehung in einem sicheren Umfeld.<\/p>\n<p class=\"p1\">Nur wenn diese Grundbed\u00fcrfnisse erf\u00fcllt sind, k\u00f6nnen sie sich auf Lernen und Entwicklung einlassen. Die Grundschulzeit f\u00e4llt dabei in die sogenannte Latenzphase \u2013 eine entscheidende Entwicklungsphase zwischen etwa 6 und 12 Jahren. In dieser Zeit gewinnen innere Ruhe, stabile Freundschaften, Regelverst\u00e4ndnis und emotionale Selbststeuerung an Bedeutung. Kinder lernen, Konflikte zu l\u00f6sen, Verantwortung zu \u00fcbernehmen und sich sozial in eine Gemeinschaft einzuf\u00fcgen.<\/p>\n<p class=\"p1\">Kann ein Smartphone helfen, diese Lernschritte zu f\u00f6rdern und die mit sich bringenden Befindlichkeiten ernst zu nehmen, Freiraume zu lassen, zuzuh\u00f6ren, zu tr\u00f6sten, zu ermutigen, sich auszuprobieren?<\/p>\n<p class=\"p1\">Wussten Sie, dass Steve Jobs seinen eigenen Kindern das Benutzen von Smartphones o vor dem 14. Lebensjahr verboten hat? Stattdessen legte er Wert auf gemeinsame Mahlzeiten und Gespr\u00e4che.<\/p>\n<p class=\"p1\">Digitale Dauerreize durch Smartphones st\u00f6ren diese Reifung erheblich. Sie lenken ab, unterbrechen Bindungsprozesse und erschweren das Lernen im Klassenverband. Zahlreiche Studien belegen die negativen Auswirkungen bereits der blo\u00dfen Anwesenheit eines Smartphones auf die Konzentrationsf\u00e4higkeit: So zeigte z. B. eine Studie der University of Texas (Ward et al., 2017), dass die kognitive Leistungsf\u00e4higkeit messbar abnimmt, wenn sich ein Smartphone, selbst ausgeschaltet, in Reichweite befindet. Aktuelle Forschungsergebnisse aus dem Jahr 2023 (Schneider et al., Scientific Reports) best\u00e4tigen: Allein die physische Pr\u00e4senz eines Smartphones reduziert die basale Aufmerksamkeit und mentale Leistungsbereitschaft.<\/p>\n<p class=\"p1\">Im Schulalltag zeigt sich das besonders auch in den Pausen: Wo Smartphones erlaubt sind, sitzen viele Kinder still nebeneinander und schauen aufs Display. Wo sie verboten sind, wird getobt, gestritten, gelacht, getr\u00f6stet \u2013 dort ist die Pause ein Lernraum f\u00fcrs Leben.<\/p>\n<p class=\"p1\">Und das oft geh\u00f6rte sogenannte AADDA-Argument \u201eAlle anderen d\u00fcrfen das auch\u201c, verliert seine Wirkung, wenn alle Kinder denselben verl\u00e4sslichen Rahmen erleben. Gemeinsame Regeln schaffen Zugeh\u00f6rigkeit.<\/p>\n<p class=\"p1\">Ein Smartphone-Verbot ist f\u00fcr uns daher kein Verbot, sondern ein Ausdruck von F\u00fcrsorglichkeit, f\u00fcr ein gesundes Aufwachsen unserer Kinder. Klug, konsequent und l\u00e4ngst \u00fcberf\u00e4llig.<\/p>\n<p class=\"p1\">Arnhild Zorr-Werner<br \/>\nStifterin<br \/>\nStiftung Medien-und Online Sucht<\/p>\n<p><img loading=\"lazy\" decoding=\"async\" class=\"alignnone wp-image-583\" src=\"https:\/\/stiftung-medienundonlinesucht.de\/aktuelles\/wp-content\/uploads\/2025\/06\/MZZA7IXZHFBADDBGDGBWNUGSUQ.avif\" alt=\"\" width=\"407\" height=\"229\" srcset=\"https:\/\/stiftung-medienundonlinesucht.de\/aktuelles\/wp-content\/uploads\/2025\/06\/MZZA7IXZHFBADDBGDGBWNUGSUQ.avif 1284w, https:\/\/stiftung-medienundonlinesucht.de\/aktuelles\/wp-content\/uploads\/2025\/06\/MZZA7IXZHFBADDBGDGBWNUGSUQ-300x169.avif 300w, https:\/\/stiftung-medienundonlinesucht.de\/aktuelles\/wp-content\/uploads\/2025\/06\/MZZA7IXZHFBADDBGDGBWNUGSUQ-1024x576.avif 1024w, https:\/\/stiftung-medienundonlinesucht.de\/aktuelles\/wp-content\/uploads\/2025\/06\/MZZA7IXZHFBADDBGDGBWNUGSUQ-768x432.avif 768w\" sizes=\"(max-width: 407px) 100vw, 407px\" \/><\/p>\n","protected":false},"excerpt":{"rendered":"<p>Arnhild Zorr-Werner als Vorstand der Stiftung Medien und Onlinesucht nimmt Stellung. Ein Smartphone-Verbot ist f\u00fcr uns kein Verbot, sondern Ausdruck von F\u00fcrsorglichkeit. Keine einzige Studie der Welt belegt einen positiven Effekt der Smartphone Nutzung von Kindern. Kinder kommen mit einem tiefen Bed\u00fcrfnis nach Bindung, Sicherheit und liebevoll gesetzten Grenzen in die Schule, sie suchen Orientierung, [&hellip;]<\/p>\n","protected":false},"author":4,"featured_media":0,"comment_status":"closed","ping_status":"open","sticky":false,"template":"","format":"standard","meta":{"footnotes":""},"categories":[1],"tags":[],"class_list":["post-582","post","type-post","status-publish","format-standard","hentry","category-aktuelles"],"_links":{"self":[{"href":"https:\/\/stiftung-medienundonlinesucht.de\/aktuelles\/wp-json\/wp\/v2\/posts\/582"}],"collection":[{"href":"https:\/\/stiftung-medienundonlinesucht.de\/aktuelles\/wp-json\/wp\/v2\/posts"}],"about":[{"href":"https:\/\/stiftung-medienundonlinesucht.de\/aktuelles\/wp-json\/wp\/v2\/types\/post"}],"author":[{"embeddable":true,"href":"https:\/\/stiftung-medienundonlinesucht.de\/aktuelles\/wp-json\/wp\/v2\/users\/4"}],"replies":[{"embeddable":true,"href":"https:\/\/stiftung-medienundonlinesucht.de\/aktuelles\/wp-json\/wp\/v2\/comments?post=582"}],"version-history":[{"count":5,"href":"https:\/\/stiftung-medienundonlinesucht.de\/aktuelles\/wp-json\/wp\/v2\/posts\/582\/revisions"}],"predecessor-version":[{"id":596,"href":"https:\/\/stiftung-medienundonlinesucht.de\/aktuelles\/wp-json\/wp\/v2\/posts\/582\/revisions\/596"}],"wp:attachment":[{"href":"https:\/\/stiftung-medienundonlinesucht.de\/aktuelles\/wp-json\/wp\/v2\/media?parent=582"}],"wp:term":[{"taxonomy":"category","embeddable":true,"href":"https:\/\/stiftung-medienundonlinesucht.de\/aktuelles\/wp-json\/wp\/v2\/categories?post=582"},{"taxonomy":"post_tag","embeddable":true,"href":"https:\/\/stiftung-medienundonlinesucht.de\/aktuelles\/wp-json\/wp\/v2\/tags?post=582"}],"curies":[{"name":"wp","href":"https:\/\/api.w.org\/{rel}","templated":true}]}}